[{"@context":"https:\/\/schema.org\/","@type":"Blog","@id":"https:\/\/www.newredo.es#Blog","headline":"newredo.es","description":"","url":"https:\/\/www.newredo.es","hasPart":[{"@type":"Article","@id":"https:\/\/www.newredo.es\/internet-en-casa\/","headline":"Internet en casa","url":"https:\/\/www.newredo.es\/internet-en-casa\/","datePublished":"2022-10-25","dateModified":"2022-10-25","mainEntityOfPage":"https:\/\/www.newredo.es\/internet-en-casa\/","author":{"@type":"Person","@id":"https:\/\/www.newredo.es\/author\/#Person","name":"","url":"https:\/\/www.newredo.es\/author\/","identifier":1,"image":{"@type":"ImageObject","@id":"https:\/\/secure.gravatar.com\/avatar\/0379e0c919e89f337c2f51ff1404922f8441b43281fb91f3719df99f70b9888f?s=96&d=mm&r=g","url":"https:\/\/secure.gravatar.com\/avatar\/0379e0c919e89f337c2f51ff1404922f8441b43281fb91f3719df99f70b9888f?s=96&d=mm&r=g","height":96,"width":96}},"publisher":{"@type":"Organization","name":"newredo.es","logo":{"@type":"ImageObject","@id":"\/logo.png","url":"\/logo.png","width":600,"height":60}},"image":{"@type":"ImageObject","@id":"https:\/\/www.newredo.es\/wp-content\/uploads\/web-design-3411373_640_1.jpg","url":"https:\/\/www.newredo.es\/wp-content\/uploads\/web-design-3411373_640_1.jpg","height":0,"width":0},"wordCount":365,"keywords":null},{"@type":"Article","@id":"https:\/\/www.newredo.es\/un-abrigo-nuevo-para-su-casa\/","headline":"Un abrigo nuevo para su casa","url":"https:\/\/www.newredo.es\/un-abrigo-nuevo-para-su-casa\/","datePublished":"2022-10-13","dateModified":"2022-10-13","mainEntityOfPage":"https:\/\/www.newredo.es\/un-abrigo-nuevo-para-su-casa\/","author":{"@type":"Person","@id":"https:\/\/www.newredo.es\/author\/#Person","name":"","url":"https:\/\/www.newredo.es\/author\/","identifier":1,"image":{"@type":"ImageObject","@id":"https:\/\/secure.gravatar.com\/avatar\/0379e0c919e89f337c2f51ff1404922f8441b43281fb91f3719df99f70b9888f?s=96&d=mm&r=g","url":"https:\/\/secure.gravatar.com\/avatar\/0379e0c919e89f337c2f51ff1404922f8441b43281fb91f3719df99f70b9888f?s=96&d=mm&r=g","height":96,"width":96}},"publisher":{"@type":"Organization","name":"newredo.es","logo":{"@type":"ImageObject","@id":"\/logo.png","url":"\/logo.png","width":600,"height":60}},"image":{"@type":"ImageObject","@id":"https:\/\/www.newredo.es\/wp-content\/uploads\/img_a312984_w1755_t1523650765.jpg_1..jpg","url":"https:\/\/www.newredo.es\/wp-content\/uploads\/img_a312984_w1755_t1523650765.jpg_1..jpg","height":0,"width":0},"wordCount":491,"keywords":null},{"@type":"Article","@id":"https:\/\/www.newredo.es\/adiccion-al-ordenador\/","headline":"Adicci\u00f3n al ordenador","url":"https:\/\/www.newredo.es\/adiccion-al-ordenador\/","datePublished":"2022-08-18","dateModified":"2022-08-18","mainEntityOfPage":"https:\/\/www.newredo.es\/adiccion-al-ordenador\/","author":{"@type":"Person","@id":"https:\/\/www.newredo.es\/author\/#Person","name":"","url":"https:\/\/www.newredo.es\/author\/","identifier":1,"image":{"@type":"ImageObject","@id":"https:\/\/secure.gravatar.com\/avatar\/0379e0c919e89f337c2f51ff1404922f8441b43281fb91f3719df99f70b9888f?s=96&d=mm&r=g","url":"https:\/\/secure.gravatar.com\/avatar\/0379e0c919e89f337c2f51ff1404922f8441b43281fb91f3719df99f70b9888f?s=96&d=mm&r=g","height":96,"width":96}},"publisher":{"@type":"Organization","name":"newredo.es","logo":{"@type":"ImageObject","@id":"\/logo.png","url":"\/logo.png","width":600,"height":60}},"image":{"@type":"ImageObject","@id":"https:\/\/www.newredo.es\/wp-content\/uploads\/laptop-1205256_1280_4.jpg_1..jpg","url":"https:\/\/www.newredo.es\/wp-content\/uploads\/laptop-1205256_1280_4.jpg_1..jpg","height":0,"width":0},"wordCount":440,"keywords":null},{"@type":"Article","@id":"https:\/\/www.newredo.es\/los-sofas-cama-no-son-solo-practicosquien\/","headline":"Los sof\u00e1s cama no son s\u00f3lo pr\u00e1cticosQuien","url":"https:\/\/www.newredo.es\/los-sofas-cama-no-son-solo-practicosquien\/","datePublished":"2022-08-17","dateModified":"2022-08-17","mainEntityOfPage":"https:\/\/www.newredo.es\/los-sofas-cama-no-son-solo-practicosquien\/","author":{"@type":"Person","@id":"https:\/\/www.newredo.es\/author\/#Person","name":"","url":"https:\/\/www.newredo.es\/author\/","identifier":1,"image":{"@type":"ImageObject","@id":"https:\/\/secure.gravatar.com\/avatar\/0379e0c919e89f337c2f51ff1404922f8441b43281fb91f3719df99f70b9888f?s=96&d=mm&r=g","url":"https:\/\/secure.gravatar.com\/avatar\/0379e0c919e89f337c2f51ff1404922f8441b43281fb91f3719df99f70b9888f?s=96&d=mm&r=g","height":96,"width":96}},"publisher":{"@type":"Organization","name":"newredo.es","logo":{"@type":"ImageObject","@id":"\/logo.png","url":"\/logo.png","width":600,"height":60}},"image":{"@type":"ImageObject","@id":"https:\/\/www.newredo.es\/wp-content\/uploads\/img_a338545_w1915_t1551196605.jpg_1..jpg","url":"https:\/\/www.newredo.es\/wp-content\/uploads\/img_a338545_w1915_t1551196605.jpg_1..jpg","height":0,"width":0},"wordCount":467,"keywords":null},{"@type":"Article","@id":"https:\/\/www.newredo.es\/vacaciones-de-trabajo\/","headline":"\u00bfVacaciones de trabajo?","url":"https:\/\/www.newredo.es\/vacaciones-de-trabajo\/","datePublished":"2022-08-12","dateModified":"2022-08-12","mainEntityOfPage":"https:\/\/www.newredo.es\/vacaciones-de-trabajo\/","author":{"@type":"Person","@id":"https:\/\/www.newredo.es\/author\/#Person","name":"","url":"https:\/\/www.newredo.es\/author\/","identifier":1,"image":{"@type":"ImageObject","@id":"https:\/\/secure.gravatar.com\/avatar\/0379e0c919e89f337c2f51ff1404922f8441b43281fb91f3719df99f70b9888f?s=96&d=mm&r=g","url":"https:\/\/secure.gravatar.com\/avatar\/0379e0c919e89f337c2f51ff1404922f8441b43281fb91f3719df99f70b9888f?s=96&d=mm&r=g","height":96,"width":96}},"publisher":{"@type":"Organization","name":"newredo.es","logo":{"@type":"ImageObject","@id":"\/logo.png","url":"\/logo.png","width":600,"height":60}},"image":{"@type":"ImageObject","@id":"https:\/\/www.newredo.es\/wp-content\/uploads\/follower-3745569_640.jpg","url":"https:\/\/www.newredo.es\/wp-content\/uploads\/follower-3745569_640.jpg","height":0,"width":0},"wordCount":545,"keywords":null},{"@type":"Article","@id":"https:\/\/www.newredo.es\/debemos-amar-ir-a-casa\/","headline":"Debemos amar ir a casa","url":"https:\/\/www.newredo.es\/debemos-amar-ir-a-casa\/","datePublished":"2022-08-03","dateModified":"2022-08-03","mainEntityOfPage":"https:\/\/www.newredo.es\/debemos-amar-ir-a-casa\/","author":{"@type":"Person","@id":"https:\/\/www.newredo.es\/author\/#Person","name":"","url":"https:\/\/www.newredo.es\/author\/","identifier":1,"image":{"@type":"ImageObject","@id":"https:\/\/secure.gravatar.com\/avatar\/0379e0c919e89f337c2f51ff1404922f8441b43281fb91f3719df99f70b9888f?s=96&d=mm&r=g","url":"https:\/\/secure.gravatar.com\/avatar\/0379e0c919e89f337c2f51ff1404922f8441b43281fb91f3719df99f70b9888f?s=96&d=mm&r=g","height":96,"width":96}},"publisher":{"@type":"Organization","name":"newredo.es","logo":{"@type":"ImageObject","@id":"\/logo.png","url":"\/logo.png","width":600,"height":60}},"image":{"@type":"ImageObject","@id":"https:\/\/www.newredo.es\/wp-content\/uploads\/lo%C5%BEnice%20v%20dom%C4%9B_1.JPG","url":"https:\/\/www.newredo.es\/wp-content\/uploads\/lo%C5%BEnice%20v%20dom%C4%9B_1.JPG","height":0,"width":0},"wordCount":493,"keywords":null},{"@type":"Article","@id":"https:\/\/www.newredo.es\/es-mejor-vivir-en-la-ciudad-o-en-el-campo\/","headline":"\u00bfEs mejor vivir en la ciudad o en el campo?","url":"https:\/\/www.newredo.es\/es-mejor-vivir-en-la-ciudad-o-en-el-campo\/","datePublished":"2022-07-04","dateModified":"2022-07-04","mainEntityOfPage":"https:\/\/www.newredo.es\/es-mejor-vivir-en-la-ciudad-o-en-el-campo\/","author":{"@type":"Person","@id":"https:\/\/www.newredo.es\/author\/#Person","name":"","url":"https:\/\/www.newredo.es\/author\/","identifier":1,"image":{"@type":"ImageObject","@id":"https:\/\/secure.gravatar.com\/avatar\/0379e0c919e89f337c2f51ff1404922f8441b43281fb91f3719df99f70b9888f?s=96&d=mm&r=g","url":"https:\/\/secure.gravatar.com\/avatar\/0379e0c919e89f337c2f51ff1404922f8441b43281fb91f3719df99f70b9888f?s=96&d=mm&r=g","height":96,"width":96}},"publisher":{"@type":"Organization","name":"newredo.es","logo":{"@type":"ImageObject","@id":"\/logo.png","url":"\/logo.png","width":600,"height":60}},"image":{"@type":"ImageObject","@id":"https:\/\/www.newredo.es\/wp-content\/uploads\/img_a337691_w2085_t1550686519.jpg_1..jpg","url":"https:\/\/www.newredo.es\/wp-content\/uploads\/img_a337691_w2085_t1550686519.jpg_1..jpg","height":0,"width":0},"wordCount":743,"keywords":null},{"@type":"Article","@id":"https:\/\/www.newredo.es\/casas-seguras\/","headline":"Casas seguras","url":"https:\/\/www.newredo.es\/casas-seguras\/","datePublished":"2022-04-25","dateModified":"2022-04-25","mainEntityOfPage":"https:\/\/www.newredo.es\/casas-seguras\/","author":{"@type":"Person","@id":"https:\/\/www.newredo.es\/author\/#Person","name":"","url":"https:\/\/www.newredo.es\/author\/","identifier":1,"image":{"@type":"ImageObject","@id":"https:\/\/secure.gravatar.com\/avatar\/0379e0c919e89f337c2f51ff1404922f8441b43281fb91f3719df99f70b9888f?s=96&d=mm&r=g","url":"https:\/\/secure.gravatar.com\/avatar\/0379e0c919e89f337c2f51ff1404922f8441b43281fb91f3719df99f70b9888f?s=96&d=mm&r=g","height":96,"width":96}},"publisher":{"@type":"Organization","name":"newredo.es","logo":{"@type":"ImageObject","@id":"\/logo.png","url":"\/logo.png","width":600,"height":60}},"image":{"@type":"ImageObject","@id":"https:\/\/www.newredo.es\/wp-content\/uploads\/home-3429674_960_720.jpg","url":"https:\/\/www.newredo.es\/wp-content\/uploads\/home-3429674_960_720.jpg","height":0,"width":0},"wordCount":482,"keywords":null},{"@type":"Article","@id":"https:\/\/www.newredo.es\/la-gran-maravilla\/","headline":"La gran maravilla","url":"https:\/\/www.newredo.es\/la-gran-maravilla\/","datePublished":"2022-04-25","dateModified":"2022-04-25","mainEntityOfPage":"https:\/\/www.newredo.es\/la-gran-maravilla\/","author":{"@type":"Person","@id":"https:\/\/www.newredo.es\/author\/#Person","name":"","url":"https:\/\/www.newredo.es\/author\/","identifier":1,"image":{"@type":"ImageObject","@id":"https:\/\/secure.gravatar.com\/avatar\/0379e0c919e89f337c2f51ff1404922f8441b43281fb91f3719df99f70b9888f?s=96&d=mm&r=g","url":"https:\/\/secure.gravatar.com\/avatar\/0379e0c919e89f337c2f51ff1404922f8441b43281fb91f3719df99f70b9888f?s=96&d=mm&r=g","height":96,"width":96}},"publisher":{"@type":"Organization","name":"newredo.es","logo":{"@type":"ImageObject","@id":"\/logo.png","url":"\/logo.png","width":600,"height":60}},"image":{"@type":"ImageObject","@id":"https:\/\/www.newredo.es\/wp-content\/uploads\/%C5%BEena%20s%20br%C3%BDlei_6.jpg","url":"https:\/\/www.newredo.es\/wp-content\/uploads\/%C5%BEena%20s%20br%C3%BDlei_6.jpg","height":0,"width":0},"wordCount":359,"keywords":null},{"@type":"Article","@id":"https:\/\/www.newredo.es\/pasar-el-invierno\/","headline":"Pasar el invierno","url":"https:\/\/www.newredo.es\/pasar-el-invierno\/","datePublished":"2022-03-27","dateModified":"2022-03-27","mainEntityOfPage":"https:\/\/www.newredo.es\/pasar-el-invierno\/","author":{"@type":"Person","@id":"https:\/\/www.newredo.es\/author\/#Person","name":"","url":"https:\/\/www.newredo.es\/author\/","identifier":1,"image":{"@type":"ImageObject","@id":"https:\/\/secure.gravatar.com\/avatar\/0379e0c919e89f337c2f51ff1404922f8441b43281fb91f3719df99f70b9888f?s=96&d=mm&r=g","url":"https:\/\/secure.gravatar.com\/avatar\/0379e0c919e89f337c2f51ff1404922f8441b43281fb91f3719df99f70b9888f?s=96&d=mm&r=g","height":96,"width":96}},"publisher":{"@type":"Organization","name":"newredo.es","logo":{"@type":"ImageObject","@id":"\/logo.png","url":"\/logo.png","width":600,"height":60}},"image":null,"wordCount":30,"keywords":null}]},{"@context":"https:\/\/schema.org","@type":"WebSite","@id":"https:\/\/www.newredo.es\/#website","name":"newredo.es","url":"https:\/\/www.newredo.es","potentialAction":{"@type":"SearchAction","target":"https:\/\/www.newredo.es\/?s={search_term_string}","query-input":"required name=search_term_string"}}]