[{"@context":"https:\/\/schema.org\/","@type":"Article","@id":"https:\/\/www.newredo.es\/vacaciones-de-trabajo\/#Article","mainEntityOfPage":"https:\/\/www.newredo.es\/vacaciones-de-trabajo\/","headline":"\u00bfVacaciones de trabajo?","name":"\u00bfVacaciones de trabajo?","description":"son, pero estas excepciones no se tumban junto al mar, pasean por la monta\u00f1a o se relajan en un hotel en alg\u00fan lugar. Estas personas suelen tener una casa de campo o est\u00e1n construyendo algo en alguna parte, por lo que deciden pasar sus vacaciones trabajando duro. Pero la mayor\u00eda de las veces no es [&hellip;]","datePublished":"2022-08-12","dateModified":"2022-08-12","author":{"@type":"Person","@id":"https:\/\/www.newredo.es\/author\/#Person","name":"","url":"https:\/\/www.newredo.es\/author\/","identifier":1,"image":{"@type":"ImageObject","@id":"https:\/\/secure.gravatar.com\/avatar\/0379e0c919e89f337c2f51ff1404922f8441b43281fb91f3719df99f70b9888f?s=96&d=mm&r=g","url":"https:\/\/secure.gravatar.com\/avatar\/0379e0c919e89f337c2f51ff1404922f8441b43281fb91f3719df99f70b9888f?s=96&d=mm&r=g","height":96,"width":96}},"publisher":{"@type":"Organization","name":"newredo.es","logo":{"@type":"ImageObject","@id":"\/logo.png","url":"\/logo.png","width":600,"height":60}},"image":{"@type":"ImageObject","@id":"https:\/\/www.newredo.es\/wp-content\/uploads\/follower-3745569_640.jpg","url":"https:\/\/www.newredo.es\/wp-content\/uploads\/follower-3745569_640.jpg","height":0,"width":0},"url":"https:\/\/www.newredo.es\/vacaciones-de-trabajo\/","about":["Vacaciones"],"wordCount":381,"articleBody":"son, pero estas excepciones no se tumban junto al mar, pasean por la monta\u00f1a o se relajan en un hotel en alg\u00fan lugar. Estas personas suelen tener una casa de campo o est\u00e1n construyendo algo en alguna parte, por lo que deciden pasar sus vacaciones trabajando duro. Pero la mayor\u00eda de las veces no es una decisi\u00f3n que hayan tomado ellos mismos. Probablemente sea su mujer. Se van a la casa y pasan el invierno pintando o cortando le\u00f1a. Algunos pintan en casa o en su piso, otros van a alguna obra durante las vacaciones. O porque se lo deben a un amigo o conocido, o simplemente porque s\u00ed. Si pueden seguir llam\u00e1ndolo vacaciones o no, se lo dejo al lector.  Sin embargo, en honor a la verdad, hay que se\u00f1alar que, por ejemplo, cortar le\u00f1a para el invierno en una caba\u00f1a en alg\u00fan lugar de las monta\u00f1as hace tiempo que perdi\u00f3 su poes\u00eda, pero tambi\u00e9n su rudeza. Ya hay sierras circulares y divisoras por todas partes, y la le\u00f1a s\u00f3lo hay que manipularla. Por supuesto, con 10 toneladas hay m\u00e1s trabajo que hacer. Hay que volcarla en la mesa, y desde la astilladora hay que transportarla a alg\u00fan sitio. Si eres un cuidador cuidadoso, sabes de lo que estamos hablando.  Por eso hay ruido constante en nuestros bosques y casas de campo. Ya nadie sabe coger una guada\u00f1a o una hoz. Todo tiene un aparato y eso crea ruido. Antes era un poco diferente. Y aqu\u00ed vuelvo a hacer le\u00f1a.Hoy se traen peque\u00f1os troncos ya cortados. Si a\u00fan sabes lo que es una estufa. Cuando \u00e9ramos j\u00f3venes, tra\u00edamos troncos de unos dos metros y nos preocup\u00e1bamos por ellos. S\u00ed, eso era un d\u00eda de fiesta. No pod\u00edamos hacerlo el fin de semana. Carg\u00e1bamos esos troncos en las cabras, los pon\u00edamos en una especie de le\u00f1ero gigante y luego los cort\u00e1bamos en troncos adecuados con una sierra de mano. Luego los troceamos. Todo era doloroso durante ese trabajo, pero se estaba tranquilo y el olor a resina estaba por todas partes. Aun as\u00ed, algunos esperaban con impaciencia esas vacaciones laborales.                                                                                                                                                                                                                                                                                                                                                                                                "},{"@context":"https:\/\/schema.org\/","@type":"BreadcrumbList","itemListElement":[{"@type":"ListItem","position":1,"name":"\u00bfVacaciones de trabajo?","item":"https:\/\/www.newredo.es\/vacaciones-de-trabajo\/#breadcrumbitem"}]}]